{"id":644,"date":"2024-04-25T09:28:53","date_gmt":"2024-04-25T07:28:53","guid":{"rendered":"lechangement.tg?p=644"},"modified":"2024-04-25T09:29:57","modified_gmt":"2024-04-25T07:29:57","slug":"elections-refus-daccreditation-aux-observateurs-de-leglise-catholiqueque-veut-on-au-juste-cacher-aux-togolais","status":"publish","type":"post","link":"https:\/\/lechangement.tg\/index.php\/2024\/04\/25\/elections-refus-daccreditation-aux-observateurs-de-leglise-catholiqueque-veut-on-au-juste-cacher-aux-togolais\/","title":{"rendered":"Elections\/Refus d\u2019accr\u00e9ditation aux observateurs de l\u2019\u00c9glise catholique; Que veut-on au juste cacher aux Togolais ?"},"content":{"rendered":"<p>L\u2019Eglise catholique ne d\u00e9ploiera pas ses observateurs \u00e9lectoraux aux l\u00e9gislatives et r\u00e9gionales prochaines. Selon le pr\u00e9sident de la Conf\u00e9rence des \u00c9v\u00eaques du Togo (CET) Mgr Benoit Alowonou, la demande de l\u2019\u00c9glise catholique du Togo  dans ce sens, a \u00e9t\u00e9 rejet\u00e9e par les autorit\u00e9s comp\u00e9tentes. Quand on consid\u00e8re qu\u2019en 2020, l\u2019Eglise catholique a \u00e9t\u00e9 interdite  d\u2019observation \u00e9lectorale, le processus a \u00e9t\u00e9 \u00e9maill\u00e9 de graves irr\u00e9gularit\u00e9s, on se demande ce qu\u2019on veut cacher \u00e0 travers ce refus.<br \/>\n\u200bPour l\u2019Ev\u00eaque de Kpalim\u00e9, c\u2019est un devoir des citoyens, de contribuer \u00e0 la transparence des \u00e9lections qui se d\u00e9roulent chez eux.  \u00c0 ce sujet, indique-t-il, l\u2019\u00c9glise catholique, par sa commission justice et paix, a fait la demande de participation de 500 observateurs. Il affirme que la demande a \u00e9t\u00e9 refus\u00e9e, parce que l\u2019\u00e9glise n\u2019aurait pas justifi\u00e9 la source du financement de sa mission d\u2019observation.<br \/>\n\u00ab Ce n\u2019est pas la premi\u00e8re fois que nous sommes r\u00e9cus\u00e9s pour ce motif. Nous avons toujours r\u00e9pondu \u00e0 ce sujet que nos observateurs \u00e9taient des b\u00e9n\u00e9voles venus des sept dioc\u00e8ses du Togo. Nous n\u2019avons pas besoin de financement, parce que les paroissiens, ce sont des fils et des filles du pays, des citoyens. Puisque nous n\u2019avons pas pu justifier l\u2019injustifiable, on nous a dit que nous ne pouvons pas \u00bb, a r\u00e9v\u00e9l\u00e9 Mgr. Benoit Alowonou.<br \/>\nToutefois, l\u2019Ev\u00eaque de Kpalim\u00e9 invite \u00e0 la pri\u00e8re et r\u00e9it\u00e8re l\u2019appel de la CET \u00e0 l\u2019intention des d\u00e9cideurs \u00e0 \u00eatre toujours \u00e0 l\u2019\u00e9coute de l\u2019aspiration du peuple.<br \/>\nEn f\u00e9vrier 2020, l\u2019Eglise catholique s\u2019est vue refuser une observation \u00e9lectorale de la pr\u00e9sidentielle qui s\u2019est r\u00e9v\u00e9l\u00e9e monstrueusement \u00e9maill\u00e9e d\u2019irr\u00e9gularit\u00e9s. Le  candidat de la DMK, feu Gabriel Kodjo Messan Gb\u00e9yom\u00e9 se disant  \u2018\u2019vol\u00e9\u2019\u2019, s\u2019est auto proclam\u00e9 pr\u00e9sident \u00e9lu avant de prendre le chemin de l\u2019exil o\u00f9, malheureusement il a rendu l\u2019\u00e2me, quelques semaines apr\u00e8s le d\u00e9c\u00e8s \u00e9galement en exil de l\u2019Archev\u00eaque Em\u00e9rite de Lom\u00e9, Mgr. Philippe Fanoko Kpodzro dont le mouvement la DMK a soutenu la candidature d\u2019Agb\u00e9yom\u00e9 en 2020.<br \/>\nSans que le contentieux n\u00e9 de cette \u00e9lection pr\u00e9sidentielle ne soit r\u00e9gl\u00e9, le pouvoir de Lom\u00e9, par la voix du premier ministre, avait d\u00e9clar\u00e9 sur RFI, que cette page \u00e9tait tourn\u00e9e. Exactement, elle d\u00e9clarait en octobre 2020, quelques semaines apr\u00e8s sa nomination \u00e0 la primature, ce qui suit :<br \/>\n\u00ab Le Togo est un pays d\u00e9mocratique qui a des instruments de r\u00e9gulation et de suivi des processus \u00e9lectoraux. La Commission Electorale Nationale Ind\u00e9pendante, la Cour Constitutionnelle ont d\u00e9j\u00e0 r\u00e9gl\u00e9 cette question et je vous dis que je me concentre sur les d\u00e9fis \u00e9conomiques, sociaux, sanitaires. C\u2019est cela qui nous pr\u00e9occupe aujourd\u2019hui (\u2026)  Je sais qu\u2019au Togo, tout le monde a compris que cette page est tourn\u00e9e. Il y a des gens qui ne sont pas contents mais il faut qu\u2019on se soumette \u00e0 cela. Sinon, on ne s\u2019en sortira jamais. (\u2026) les autres qui n\u2019ont pas encore compris prendront le train en marche \u00bb<br \/>\nMalheureusement sur le terrain, la r\u00e9alit\u00e9 est tout autre et prend \u00e0 contrepied ces propos abondamment relay\u00e9s sur les m\u00e9dias. La  DMK dont le candidat, aujourd\u2019hui, d\u00e9c\u00e9d\u00e9, a form\u00e9 un gouvernement en exil, continue de revendiquer sa victoire \u00e0 cette \u00e9lection de f\u00e9vrier 2020, officiellement remport\u00e9e par le pr\u00e9sident sortant, le candidat Faure Gnassingb\u00e9.<br \/>\nAu regard de ce qui pr\u00e9c\u00e8de, la question demeure : que compte cacher au juste le pouvoir derri\u00e8re cette interdiction aux observateurs de l\u2019Eglise catholique ? En int\u00e9gralit\u00e9, le courrier r\u00e9ponse de la Ceni, \u00e0 la demande d\u2019accr\u00e9ditation envoy\u00e9e par le Responsable du Conseil Episcopal Justice et Paix Togo.<\/p>\n","protected":false},"excerpt":{"rendered":"<p>L\u2019Eglise catholique ne d\u00e9ploiera pas ses observateurs \u00e9lectoraux aux l\u00e9gislatives et r\u00e9gionales prochaines. Selon le pr\u00e9sident de la Conf\u00e9rence des \u00c9v\u00eaques du Togo (CET) Mgr Benoit Alowonou, la demande de l\u2019\u00c9glise catholique du Togo  dans ce sens, a \u00e9t\u00e9 rejet\u00e9e par les autorit\u00e9s comp\u00e9tentes<\/p>\n","protected":false},"author":2,"featured_media":645,"comment_status":"open","ping_status":"open","sticky":false,"template":"","format":"standard","meta":{"_monsterinsights_skip_tracking":false,"_monsterinsights_sitenote_active":false,"_monsterinsights_sitenote_note":"","_monsterinsights_sitenote_category":0,"footnotes":""},"categories":[1],"tags":[],"class_list":["post-644","post","type-post","status-publish","format-standard","has-post-thumbnail","hentry","category-top-actualites"],"aioseo_notices":[],"_links":{"self":[{"href":"https:\/\/lechangement.tg\/index.php\/wp-json\/wp\/v2\/posts\/644","targetHints":{"allow":["GET"]}}],"collection":[{"href":"https:\/\/lechangement.tg\/index.php\/wp-json\/wp\/v2\/posts"}],"about":[{"href":"https:\/\/lechangement.tg\/index.php\/wp-json\/wp\/v2\/types\/post"}],"author":[{"embeddable":true,"href":"https:\/\/lechangement.tg\/index.php\/wp-json\/wp\/v2\/users\/2"}],"replies":[{"embeddable":true,"href":"https:\/\/lechangement.tg\/index.php\/wp-json\/wp\/v2\/comments?post=644"}],"version-history":[{"count":2,"href":"https:\/\/lechangement.tg\/index.php\/wp-json\/wp\/v2\/posts\/644\/revisions"}],"predecessor-version":[{"id":647,"href":"https:\/\/lechangement.tg\/index.php\/wp-json\/wp\/v2\/posts\/644\/revisions\/647"}],"wp:featuredmedia":[{"embeddable":true,"href":"https:\/\/lechangement.tg\/index.php\/wp-json\/wp\/v2\/media\/645"}],"wp:attachment":[{"href":"https:\/\/lechangement.tg\/index.php\/wp-json\/wp\/v2\/media?parent=644"}],"wp:term":[{"taxonomy":"category","embeddable":true,"href":"https:\/\/lechangement.tg\/index.php\/wp-json\/wp\/v2\/categories?post=644"},{"taxonomy":"post_tag","embeddable":true,"href":"https:\/\/lechangement.tg\/index.php\/wp-json\/wp\/v2\/tags?post=644"}],"curies":[{"name":"wp","href":"https:\/\/api.w.org\/{rel}","templated":true}]}}