{"id":1818,"date":"2025-07-29T21:04:57","date_gmt":"2025-07-29T19:04:57","guid":{"rendered":"https:\/\/lechangement.tg\/?p=1818"},"modified":"2025-07-29T21:05:01","modified_gmt":"2025-07-29T19:05:01","slug":"presidentielle-doctobre-en-cote-divoire-ouattara-briguera-un-4e-mandat","status":"publish","type":"post","link":"https:\/\/lechangement.tg\/index.php\/2025\/07\/29\/presidentielle-doctobre-en-cote-divoire-ouattara-briguera-un-4e-mandat\/","title":{"rendered":"Pr\u00e9sidentielle d\u2019octobre en C\u00f4te d\u2019Ivoire\u00a0: Ouattara briguera un 4e mandat"},"content":{"rendered":"\n<p>Le Pr\u00e9sident Alassane a finalement mis fin au faux suspens en annon\u00e7ant sa candidature \u00e0 la pr\u00e9sidentielle du 25 octobre prochain au grand dam de ses adversaires d\u00e9j\u00e0 \u00e9limin\u00e9s de la course.<\/p>\n\n\n\n<p>Le chien aboie, la caravane passe, dit-on souvent dans les arcanes du pouvoir d\u2019\u00e9tat \u00e0 vie. Malgr\u00e9 les protestations contre son 3<sup>e<\/sup> mandat finissant, le locataire du palais pr\u00e9sidentiel d\u2019Abidjan ne compte pas sit\u00f4t passer le flambeau \u00e0 la jeune g\u00e9n\u00e9ration comme il l\u2019avait pourtant fait croire, les d\u00e9lices du pouvoir d\u2019Etat obligent. Alassane Ouattara a annonc\u00e9 ce 29 juillet qu\u2019il est candidat \u00e0 sa propre succession pour un 4<sup>e<\/sup> mandat \u00e0 la t\u00eate de son pays.<\/p>\n\n\n\n<p>\u2018\u2019Oui, je suis candidat parce que la Constitution de notre pays m&rsquo;autorise \u00e0 faire un autre mandat et ma sant\u00e9 le permet\u2019\u2019, a d\u00e9clar\u00e9 le pr\u00e9sident sortant dans une vid\u00e9o.&nbsp;<\/p>\n\n\n\n<p>Cette d\u00e9claration n\u2019a pas surpris plus d\u2019un observateur avis\u00e9 de la politique ivoirienne. A 83 ans, Ouattara devrait briguer donc un 4e mandat \u00e0 la t\u00eate de la C\u00f4te d\u2019Ivoire contre vents et marr\u00e9es, comme on s\u2019y attendait. Le cas \u00e9ch\u00e9ant, le nom de son dauphin aurait pu \u00eatre annonc\u00e9 lors du dernier congr\u00e8s de son parti. &nbsp;<\/p>\n\n\n\n<p>Arriv\u00e9 au pouvoir en 2011, avant d\u2019\u00eatre r\u00e9\u00e9lu en 2015 et 2020, apr\u00e8s une \u00e9lection sur fond de pertes en vies humaines, pour marquer la fin d\u2019une r\u00e9bellion dont on l\u2019accuse d\u2019avoir mont\u00e9 et financ\u00e9, Ouattara ne pense pas s\u2019arr\u00eater en si bon chemin.<\/p>\n\n\n\n<p>Selon lui, plusieurs d\u00e9fis \u00e0 savoir la paix, la s\u00e9curit\u00e9 et le d\u00e9veloppement l\u2019obligent \u00e0 prolonger son s\u00e9jour \u00e0 la t\u00eate du pays.<\/p>\n\n\n\n<p>\u2018\u2019La menace terroriste grandit dans la sous-r\u00e9gion et les incertitudes \u00e9conomiques au niveau international constituent un risque pour notre pays. C&rsquo;est une r\u00e9alit\u00e9 que personne ne peut nier, c&rsquo;est une r\u00e9alit\u00e9, que je ne peux ignorer. Je suis candidat parce que je veux que notre ch\u00e8re C\u00f4te d\u2019ivoire continue de demeurer un pays en paix et en s\u00e9curit\u00e9\u2019\u2019, avance-t-il.<\/p>\n\n\n\n<p>Laurent Gbagbo, Tidjane Thiam, Charles Bl\u00e9 Goud\u00e9 et consorts devront encore attendre 5 ans ou plus avant d\u2019envisager le fauteuil pr\u00e9sidentiel. &nbsp;<\/p>\n\n\n\n<p>Alassane Ouattara vient ainsi d\u2019embo\u00eeter les pas \u00e0 ses homologues Paul Biya 92 ans dont 43 au tr\u00f4ne, Yoweri Museveni 81 ans au pouvoir depuis 1986, candidats \u00e0 leur propre succession respectivement au Cameroun et en Ouganda, Faure Gnassingb\u00e9 qui a d\u00e9j\u00e0 boucl\u00e9 ses 20 ann\u00e9es au pouvoir avant d\u2019entamer une nouvelle aventure dans un contest\u00e9 r\u00e9gime parlementaire avec le titre du Pr\u00e9sident du Conseil des Ministres (PCM).<\/p>\n\n\n\n<p>Par contre au B\u00e9nin, Patrice Talon chante son d\u00e9part du pouvoir \u00e0 la fin de son 2e mandat afin de donner la chance \u00e0 d\u2019autres b\u00e9ninois de pratiquer un autre mod\u00e8le de gouvernance.<\/p>\n\n\n\n<p>N\u00e9n\u00e9<\/p>\n","protected":false},"excerpt":{"rendered":"<p>Le Pr\u00e9sident Alassane a finalement mis fin au faux suspens en annon\u00e7ant sa candidature \u00e0 la pr\u00e9sidentielle du 25 octobre prochain au grand dam de ses adversaires d\u00e9j\u00e0 \u00e9limin\u00e9s de&hellip;<\/p>\n","protected":false},"author":2,"featured_media":1819,"comment_status":"open","ping_status":"open","sticky":false,"template":"","format":"standard","meta":{"_monsterinsights_skip_tracking":false,"_monsterinsights_sitenote_active":false,"_monsterinsights_sitenote_note":"","_monsterinsights_sitenote_category":0,"footnotes":""},"categories":[21],"tags":[],"class_list":["post-1818","post","type-post","status-publish","format-standard","has-post-thumbnail","hentry","category-politique"],"aioseo_notices":[],"_links":{"self":[{"href":"https:\/\/lechangement.tg\/index.php\/wp-json\/wp\/v2\/posts\/1818","targetHints":{"allow":["GET"]}}],"collection":[{"href":"https:\/\/lechangement.tg\/index.php\/wp-json\/wp\/v2\/posts"}],"about":[{"href":"https:\/\/lechangement.tg\/index.php\/wp-json\/wp\/v2\/types\/post"}],"author":[{"embeddable":true,"href":"https:\/\/lechangement.tg\/index.php\/wp-json\/wp\/v2\/users\/2"}],"replies":[{"embeddable":true,"href":"https:\/\/lechangement.tg\/index.php\/wp-json\/wp\/v2\/comments?post=1818"}],"version-history":[{"count":1,"href":"https:\/\/lechangement.tg\/index.php\/wp-json\/wp\/v2\/posts\/1818\/revisions"}],"predecessor-version":[{"id":1820,"href":"https:\/\/lechangement.tg\/index.php\/wp-json\/wp\/v2\/posts\/1818\/revisions\/1820"}],"wp:featuredmedia":[{"embeddable":true,"href":"https:\/\/lechangement.tg\/index.php\/wp-json\/wp\/v2\/media\/1819"}],"wp:attachment":[{"href":"https:\/\/lechangement.tg\/index.php\/wp-json\/wp\/v2\/media?parent=1818"}],"wp:term":[{"taxonomy":"category","embeddable":true,"href":"https:\/\/lechangement.tg\/index.php\/wp-json\/wp\/v2\/categories?post=1818"},{"taxonomy":"post_tag","embeddable":true,"href":"https:\/\/lechangement.tg\/index.php\/wp-json\/wp\/v2\/tags?post=1818"}],"curies":[{"name":"wp","href":"https:\/\/api.w.org\/{rel}","templated":true}]}}