{"id":1815,"date":"2025-07-11T16:50:23","date_gmt":"2025-07-11T14:50:23","guid":{"rendered":"https:\/\/lechangement.tg\/?p=1815"},"modified":"2025-07-11T16:50:26","modified_gmt":"2025-07-11T14:50:26","slug":"la-presse-en-deuil-le-journaliste-sam-djobo-a-tire-sa-reverence","status":"publish","type":"post","link":"https:\/\/lechangement.tg\/index.php\/2025\/07\/11\/la-presse-en-deuil-le-journaliste-sam-djobo-a-tire-sa-reverence\/","title":{"rendered":"La presse en deuil: le journaliste Sam Djobo a tir\u00e9 sa r\u00e9v\u00e9rence"},"content":{"rendered":"\n<p><\/p>\n\n\n\n<p>Le confr\u00e8re Sam DJOBO, directeur de publication du journal <strong><em>L&rsquo;\u00c9veil de la nation<\/em><\/strong>&nbsp; n&rsquo;est plus.<\/p>\n\n\n\n<p>Il a tir\u00e9 sa r\u00e9v\u00e9rence tr\u00e8s t\u00f4t jeudi matin au pavillon militaire du CHU-SO o\u00f9 il \u00e9tait admis quelques jours.<\/p>\n\n\n\n<p>L\u2019inhumation aura lieu samedi 12 juillet 2025.<\/p>\n\n\n\n<p>Paix \u00e0 son \u00e2me<\/p>\n","protected":false},"excerpt":{"rendered":"<p>Le confr\u00e8re Sam DJOBO, directeur de publication du journal L&rsquo;\u00c9veil de la nation&nbsp; n&rsquo;est plus. Il a tir\u00e9 sa r\u00e9v\u00e9rence tr\u00e8s t\u00f4t jeudi matin au pavillon militaire du CHU-SO o\u00f9&hellip;<\/p>\n","protected":false},"author":2,"featured_media":1816,"comment_status":"open","ping_status":"open","sticky":false,"template":"","format":"standard","meta":{"_monsterinsights_skip_tracking":false,"_monsterinsights_sitenote_active":false,"_monsterinsights_sitenote_note":"","_monsterinsights_sitenote_category":0,"footnotes":""},"categories":[24],"tags":[],"class_list":["post-1815","post","type-post","status-publish","format-standard","has-post-thumbnail","hentry","category-medias"],"aioseo_notices":[],"_links":{"self":[{"href":"https:\/\/lechangement.tg\/index.php\/wp-json\/wp\/v2\/posts\/1815","targetHints":{"allow":["GET"]}}],"collection":[{"href":"https:\/\/lechangement.tg\/index.php\/wp-json\/wp\/v2\/posts"}],"about":[{"href":"https:\/\/lechangement.tg\/index.php\/wp-json\/wp\/v2\/types\/post"}],"author":[{"embeddable":true,"href":"https:\/\/lechangement.tg\/index.php\/wp-json\/wp\/v2\/users\/2"}],"replies":[{"embeddable":true,"href":"https:\/\/lechangement.tg\/index.php\/wp-json\/wp\/v2\/comments?post=1815"}],"version-history":[{"count":1,"href":"https:\/\/lechangement.tg\/index.php\/wp-json\/wp\/v2\/posts\/1815\/revisions"}],"predecessor-version":[{"id":1817,"href":"https:\/\/lechangement.tg\/index.php\/wp-json\/wp\/v2\/posts\/1815\/revisions\/1817"}],"wp:featuredmedia":[{"embeddable":true,"href":"https:\/\/lechangement.tg\/index.php\/wp-json\/wp\/v2\/media\/1816"}],"wp:attachment":[{"href":"https:\/\/lechangement.tg\/index.php\/wp-json\/wp\/v2\/media?parent=1815"}],"wp:term":[{"taxonomy":"category","embeddable":true,"href":"https:\/\/lechangement.tg\/index.php\/wp-json\/wp\/v2\/categories?post=1815"},{"taxonomy":"post_tag","embeddable":true,"href":"https:\/\/lechangement.tg\/index.php\/wp-json\/wp\/v2\/tags?post=1815"}],"curies":[{"name":"wp","href":"https:\/\/api.w.org\/{rel}","templated":true}]}}