{"id":1709,"date":"2025-05-15T21:06:03","date_gmt":"2025-05-15T19:06:03","guid":{"rendered":"https:\/\/lechangement.tg\/?p=1709"},"modified":"2025-05-15T21:06:10","modified_gmt":"2025-05-15T19:06:10","slug":"guerre-en-ukraine-discussions-directes-entre-les-deux-parties-a-istanbul","status":"publish","type":"post","link":"https:\/\/lechangement.tg\/index.php\/2025\/05\/15\/guerre-en-ukraine-discussions-directes-entre-les-deux-parties-a-istanbul\/","title":{"rendered":"Guerre en Ukraine\u00a0: Discussions directes entre les deux parties \u00e0 Istanbul"},"content":{"rendered":"\n<p>La Turquie accueille ce 15 mai 2025, Russes et Ukrainiens pour des discussions directes pour tenter de mettre fin aux trois ann\u00e9es de guerre entre les deux voisins ennemis.<\/p>\n\n\n\n<p>Le pr\u00e9sident Ukrainien et ses alli\u00e9s Europ\u00e9ens avaient demand\u00e9 au pr\u00e9sident Vladimir Poutine le 11 mai dernier d\u2019accepter une tr\u00eave de 30 jours, &nbsp;tr\u00eave que rejette par le Kremlin. En r\u00e9ponse, Poutine veut des discussions directes \u00e0 Istanbul (Turquie) entre l\u2019Ukraine et la Russie pour un arr\u00eat total et d\u00e9finitif des combats.<\/p>\n\n\n\n<p>Le pr\u00e9sident Ukrainiens qui avait sign\u00e9 un d\u00e9cret d\u00e8s le d\u00e9but du conflit en 2022 pour tout refus de n\u00e9gociation entre lui et Poutine, se dit maintenant pr\u00eat \u00e0 rencontrer son homologue Russe pour arr\u00eater les massacres.<\/p>\n\n\n\n<p>La d\u00e9l\u00e9gation Russe compos\u00e9e du conseiller pr\u00e9sidentiel Vladimir Medinsky, du vice-ministre des affaires \u00e9trang\u00e8res Mikha\u00efl Galouzine,&nbsp; du vice-ministre de la D\u00e9fense, Alexandre Fomine, et le chef de la direction principale de l\u2019\u00c9tat-major g\u00e9n\u00e9ral, le vice-amiral Igor Kostioukov est d\u00e9j\u00e0 arriv\u00e9e \u00e0 Istanbul.<\/p>\n\n\n\n<p>La d\u00e9l\u00e9gation ukrainienne dirig\u00e9e par le ministre de la d\u00e9fense est \u00e9galement pr\u00e9sente sur le sol turc.<\/p>\n\n\n\n<p>Donald Trump, en tourn\u00e9e dans la r\u00e9gion estime que rien ne se d\u00e9cidera sur l\u2019Ukraine avant une rencontre entre lui et poutine.<\/p>\n\n\n\n<p>Nous verrons dans les heures \u00e0 suivre si cette rencontre apporterait enfin la paix entre les deux nations\u2026<\/p>\n\n\n\n<p>Manoah<\/p>\n","protected":false},"excerpt":{"rendered":"<p>La Turquie accueille ce 15 mai 2025, Russes et Ukrainiens pour des discussions directes pour tenter de mettre fin aux trois ann\u00e9es de guerre entre les deux voisins ennemis. Le&hellip;<\/p>\n","protected":false},"author":2,"featured_media":1710,"comment_status":"open","ping_status":"open","sticky":false,"template":"","format":"standard","meta":{"_monsterinsights_skip_tracking":false,"_monsterinsights_sitenote_active":false,"_monsterinsights_sitenote_note":"","_monsterinsights_sitenote_category":0,"footnotes":""},"categories":[1],"tags":[],"class_list":["post-1709","post","type-post","status-publish","format-standard","has-post-thumbnail","hentry","category-top-actualites"],"aioseo_notices":[],"_links":{"self":[{"href":"https:\/\/lechangement.tg\/index.php\/wp-json\/wp\/v2\/posts\/1709","targetHints":{"allow":["GET"]}}],"collection":[{"href":"https:\/\/lechangement.tg\/index.php\/wp-json\/wp\/v2\/posts"}],"about":[{"href":"https:\/\/lechangement.tg\/index.php\/wp-json\/wp\/v2\/types\/post"}],"author":[{"embeddable":true,"href":"https:\/\/lechangement.tg\/index.php\/wp-json\/wp\/v2\/users\/2"}],"replies":[{"embeddable":true,"href":"https:\/\/lechangement.tg\/index.php\/wp-json\/wp\/v2\/comments?post=1709"}],"version-history":[{"count":1,"href":"https:\/\/lechangement.tg\/index.php\/wp-json\/wp\/v2\/posts\/1709\/revisions"}],"predecessor-version":[{"id":1711,"href":"https:\/\/lechangement.tg\/index.php\/wp-json\/wp\/v2\/posts\/1709\/revisions\/1711"}],"wp:featuredmedia":[{"embeddable":true,"href":"https:\/\/lechangement.tg\/index.php\/wp-json\/wp\/v2\/media\/1710"}],"wp:attachment":[{"href":"https:\/\/lechangement.tg\/index.php\/wp-json\/wp\/v2\/media?parent=1709"}],"wp:term":[{"taxonomy":"category","embeddable":true,"href":"https:\/\/lechangement.tg\/index.php\/wp-json\/wp\/v2\/categories?post=1709"},{"taxonomy":"post_tag","embeddable":true,"href":"https:\/\/lechangement.tg\/index.php\/wp-json\/wp\/v2\/tags?post=1709"}],"curies":[{"name":"wp","href":"https:\/\/api.w.org\/{rel}","templated":true}]}}