{"id":1694,"date":"2025-05-15T19:48:39","date_gmt":"2025-05-15T17:48:39","guid":{"rendered":"https:\/\/lechangement.tg\/?p=1694"},"modified":"2025-05-15T19:48:44","modified_gmt":"2025-05-15T17:48:44","slug":"5e-anniversaire-de-deces-de-me-agboyibo-le-car-et-la-famille-agboyibo-se-preparent-a-honorer-sa-memoire","status":"publish","type":"post","link":"https:\/\/lechangement.tg\/index.php\/2025\/05\/15\/5e-anniversaire-de-deces-de-me-agboyibo-le-car-et-la-famille-agboyibo-se-preparent-a-honorer-sa-memoire\/","title":{"rendered":"5e anniversaire de d\u00e9c\u00e8s\u00a0de Me Agboyibo: Le CAR et la famille Agboyibo se pr\u00e9parent \u00e0 honorer sa m\u00e9moire"},"content":{"rendered":"\n<p>Le 30 mai prochain, cela fera 5 ans que Me Agboyibo Yawovi tira sa r\u00e9v\u00e9rence. Le Comit\u00e9 d\u2019Action pour le Renouveau (CAR) dont il fut pr\u00e9sident fondateur et la famille Agboyibo mettent les petits plats dans les grands pour comm\u00e9morer ces 5 ans de d\u00e9c\u00e8s de l\u2019illustre avocat et homme politique.<\/p>\n\n\n\n<p>Dans un communiqu\u00e9 en date du 15 mai 2025 sign\u00e9 du pr\u00e9sident national du CAR, Yao Dat\u00e9 invite \u2018\u2019 les militantes et militants, et tous ceux qui ont connu et aim\u00e9 Me Apollinaire Yawovi Madji AGBOYIBO \u00e0 prendre part activit\u00e9s pr\u00e9vues pour marquer la comm\u00e9moration.<\/p>\n\n\n\n<p>Lire le communiqu\u00e9 en int\u00e9gralit\u00e9<\/p>\n\n\n\n<p>COMMUNIQUE<\/p>\n\n\n\n<p>(Relatif \u00e0 la comm\u00e9moration des 5 ans du d\u00e9c\u00e8s de Me Yawovi AGBOYIBO)<\/p>\n\n\n\n<p>Le Comit\u00e9 d\u2019Action pour le Renouveau (CAR) et la Famille AGBOYIBO informent les militantes et militants, et tous ceux qui ont connu et aim\u00e9 Me Apollinaire Yawovi Madji AGBOYIBO que des activit\u00e9s sont organis\u00e9es pour honorer la m\u00e9moire de l\u2019illustre disparu.<\/p>\n\n\n\n<p>Le programme de ces activit\u00e9s se pr\u00e9sente comme suit \u00e0 Kouv\u00e9 :<\/p>\n\n\n\n<p>Jeudi 29 mai 2025 : Gala de Football.<\/p>\n\n\n\n<p>Vendredi 30 mai 2025 : \u00e0 partir de 09 heures messe d\u2019action de gr\u00e2ce en l&rsquo;\u00e9glise Christ-Roi de Kouv\u00e9 suivie d\u2019autres activit\u00e9s.<\/p>\n\n\n\n<p>Il est \u00e0 noter qu\u2019un pagne \u00e0 l\u2019effigie du d\u00e9funt est disponible et en vente aux contacts ci-apr\u00e8s :<\/p>\n\n\n\n<p>&nbsp;A Lom\u00e9 au quartier Novissi , contact : 90 03 54 30<\/p>\n\n\n\n<p>Au palais Royal \u00e0 Kouv\u00e9 , Contact: 91 47 70 07<\/p>\n\n\n\n<p>La famille AGBOYIBO et le Comit\u00e9 d&rsquo;Action pour le Renouveau (CAR) vous remercient \u00e0 l&rsquo;avance pour votre disponibilit\u00e9 et votre pr\u00e9sence \u00e0 leur c\u00f4t\u00e9.<\/p>\n\n\n\n<p>Fait \u00e0 Lom\u00e9, le 15 mai 2025<\/p>\n\n\n\n<p>Pour le CAR,<\/p>\n\n\n\n<p>Le Pr\u00e9sident National<\/p>\n\n\n\n<p>Yao DATE<\/p>\n","protected":false},"excerpt":{"rendered":"<p>Le 30 mai prochain, cela fera 5 ans que Me Agboyibo Yawovi tira sa r\u00e9v\u00e9rence. Le Comit\u00e9 d\u2019Action pour le Renouveau (CAR) dont il fut pr\u00e9sident fondateur et la famille&hellip;<\/p>\n","protected":false},"author":2,"featured_media":1695,"comment_status":"open","ping_status":"open","sticky":false,"template":"","format":"standard","meta":{"_monsterinsights_skip_tracking":false,"_monsterinsights_sitenote_active":false,"_monsterinsights_sitenote_note":"","_monsterinsights_sitenote_category":0,"footnotes":""},"categories":[1],"tags":[],"class_list":["post-1694","post","type-post","status-publish","format-standard","has-post-thumbnail","hentry","category-top-actualites"],"aioseo_notices":[],"_links":{"self":[{"href":"https:\/\/lechangement.tg\/index.php\/wp-json\/wp\/v2\/posts\/1694","targetHints":{"allow":["GET"]}}],"collection":[{"href":"https:\/\/lechangement.tg\/index.php\/wp-json\/wp\/v2\/posts"}],"about":[{"href":"https:\/\/lechangement.tg\/index.php\/wp-json\/wp\/v2\/types\/post"}],"author":[{"embeddable":true,"href":"https:\/\/lechangement.tg\/index.php\/wp-json\/wp\/v2\/users\/2"}],"replies":[{"embeddable":true,"href":"https:\/\/lechangement.tg\/index.php\/wp-json\/wp\/v2\/comments?post=1694"}],"version-history":[{"count":1,"href":"https:\/\/lechangement.tg\/index.php\/wp-json\/wp\/v2\/posts\/1694\/revisions"}],"predecessor-version":[{"id":1696,"href":"https:\/\/lechangement.tg\/index.php\/wp-json\/wp\/v2\/posts\/1694\/revisions\/1696"}],"wp:featuredmedia":[{"embeddable":true,"href":"https:\/\/lechangement.tg\/index.php\/wp-json\/wp\/v2\/media\/1695"}],"wp:attachment":[{"href":"https:\/\/lechangement.tg\/index.php\/wp-json\/wp\/v2\/media?parent=1694"}],"wp:term":[{"taxonomy":"category","embeddable":true,"href":"https:\/\/lechangement.tg\/index.php\/wp-json\/wp\/v2\/categories?post=1694"},{"taxonomy":"post_tag","embeddable":true,"href":"https:\/\/lechangement.tg\/index.php\/wp-json\/wp\/v2\/tags?post=1694"}],"curies":[{"name":"wp","href":"https:\/\/api.w.org\/{rel}","templated":true}]}}