{"id":1516,"date":"2025-01-27T23:28:41","date_gmt":"2025-01-27T22:28:41","guid":{"rendered":"https:\/\/lechangement.tg\/?p=1516"},"modified":"2025-01-27T23:28:42","modified_gmt":"2025-01-27T22:28:42","slug":"preparatifs-du-hadj-2025-les-candidats-au-pelerinage-invites-a-sinscrire-avant-fin-fevrier","status":"publish","type":"post","link":"https:\/\/lechangement.tg\/index.php\/2025\/01\/27\/preparatifs-du-hadj-2025-les-candidats-au-pelerinage-invites-a-sinscrire-avant-fin-fevrier\/","title":{"rendered":"Pr\u00e9paratifs du Hadj 2025: les candidats au p\u00e8lerinage invit\u00e9s \u00e0 s&rsquo;inscrire avant fin f\u00e9vrier"},"content":{"rendered":"\n<p><\/p>\n\n\n\n<p>Dans le cadre des pr\u00e9paratifs pour le Hadji 2025, le pr\u00e9sident de la commission nationale du hadj (CNH), a rendu public un communiqu\u00e9 invitant les potentiels p\u00e8lerins en terre sainte de l&rsquo;islam \u00e0 s&rsquo;inscrire avant la fin du mois de f\u00e9vrier 2025. Le communiqu\u00e9 en date du 27 janvier 2025, sign\u00e9 du colonel Awate Hodabalo indique la p\u00e9riode o\u00f9 les fid\u00e8les musulmans doivent s&rsquo;adresser au service comp\u00e9tent pour l&rsquo;\u00e9tablissement de leurs documents de voyage.<\/p>\n\n\n\n<p>COMMUNIQU\u00c9 DE LA COMMISSION NATIONALE DU HADJ<\/p>\n\n\n\n<p>Le ministre de l&rsquo;Administration territoriale de la d\u00e9centralisation et de la chefferie coutumi\u00e8re porte \u00e0 la connaissance des personnes d\u00e9sireuses d&rsquo;effectuer le p\u00e8lerinage au lieu saint de l&rsquo;islam que les inscriptions se poursuivent et prendront fin le 28 f\u00e9vrier 2025. <\/p>\n\n\n\n<p>Parall\u00e8lement \u00e0 ses inscriptions, l&rsquo;\u00e9tablissement des documents de voyage (passeport) ainsi que la vaccination se feront sur le site de la direction g\u00e9n\u00e9rale de la documentation nationale commun\u00e9ment appel\u00e9e \u00ab\u00a0service passeport\u00a0\u00bb \u00e0 compter du samedi 1er f\u00e9vrier 2025. <\/p>\n\n\n\n<p>Le ministre rappelle aux candidats au p\u00e8lerinage 2025 que le syst\u00e8me \u00e9lectronique d&rsquo;inscription des p\u00e8lerins en Arabie Saoudite sera ferm\u00e9 le 1er mars 2025.<\/p>\n\n\n\n<p>Fait \u00e0 Lom\u00e9, le 27 janvier 2025<\/p>\n\n\n\n<p>Le pr\u00e9sident de la CNH<\/p>\n\n\n\n<p>Awate Hodabalo<\/p>\n","protected":false},"excerpt":{"rendered":"<p>Dans le cadre des pr\u00e9paratifs pour le Hadji 2025, le pr\u00e9sident de la commission nationale du hadj (CNH), a rendu public un communiqu\u00e9 invitant les potentiels p\u00e8lerins en terre sainte&hellip;<\/p>\n","protected":false},"author":2,"featured_media":1517,"comment_status":"open","ping_status":"open","sticky":false,"template":"","format":"standard","meta":{"_monsterinsights_skip_tracking":false,"_monsterinsights_sitenote_active":false,"_monsterinsights_sitenote_note":"","_monsterinsights_sitenote_category":0,"footnotes":""},"categories":[29],"tags":[],"class_list":["post-1516","post","type-post","status-publish","format-standard","has-post-thumbnail","hentry","category-societe"],"aioseo_notices":[],"_links":{"self":[{"href":"https:\/\/lechangement.tg\/index.php\/wp-json\/wp\/v2\/posts\/1516","targetHints":{"allow":["GET"]}}],"collection":[{"href":"https:\/\/lechangement.tg\/index.php\/wp-json\/wp\/v2\/posts"}],"about":[{"href":"https:\/\/lechangement.tg\/index.php\/wp-json\/wp\/v2\/types\/post"}],"author":[{"embeddable":true,"href":"https:\/\/lechangement.tg\/index.php\/wp-json\/wp\/v2\/users\/2"}],"replies":[{"embeddable":true,"href":"https:\/\/lechangement.tg\/index.php\/wp-json\/wp\/v2\/comments?post=1516"}],"version-history":[{"count":1,"href":"https:\/\/lechangement.tg\/index.php\/wp-json\/wp\/v2\/posts\/1516\/revisions"}],"predecessor-version":[{"id":1518,"href":"https:\/\/lechangement.tg\/index.php\/wp-json\/wp\/v2\/posts\/1516\/revisions\/1518"}],"wp:featuredmedia":[{"embeddable":true,"href":"https:\/\/lechangement.tg\/index.php\/wp-json\/wp\/v2\/media\/1517"}],"wp:attachment":[{"href":"https:\/\/lechangement.tg\/index.php\/wp-json\/wp\/v2\/media?parent=1516"}],"wp:term":[{"taxonomy":"category","embeddable":true,"href":"https:\/\/lechangement.tg\/index.php\/wp-json\/wp\/v2\/categories?post=1516"},{"taxonomy":"post_tag","embeddable":true,"href":"https:\/\/lechangement.tg\/index.php\/wp-json\/wp\/v2\/tags?post=1516"}],"curies":[{"name":"wp","href":"https:\/\/api.w.org\/{rel}","templated":true}]}}