{"id":1158,"date":"2024-08-05T13:12:15","date_gmt":"2024-08-05T11:12:15","guid":{"rendered":"lechangement.tg?p=1158"},"modified":"2024-08-05T13:12:16","modified_gmt":"2024-08-05T11:12:16","slug":"le-mali-rompt-ses-relations-diplomatiques-avec-lukraine","status":"publish","type":"post","link":"https:\/\/lechangement.tg\/index.php\/2024\/08\/05\/le-mali-rompt-ses-relations-diplomatiques-avec-lukraine\/","title":{"rendered":"Le Mali rompt ses relations diplomatiques avec l\u2019Ukraine"},"content":{"rendered":"\n<p>Apr\u00e8s la revendication de l\u2019implication des services de renseignement ukrainien par Kiev dans l\u2019attaque contre les FAMA, le Mali a annonc\u00e9, dimanche, la rupture de ses relations diplomatiques avec l\u2019Ukraine.<\/p>\n\n\n\n<p>En effet, le Mali a d\u00e9cid\u00e9 de mettre fin \u00e0 ses relations diplomatiques avec l\u2019Ukraine suite aux d\u00e9clarations d\u2019Andriy Yusov, porte-parole des services de renseignement ukrainien impliquant Kiev dans l\u2019\u00e9chec d\u2019une op\u00e9ration militaire de l\u2019arm\u00e9e malienne. Cet \u00e9chec militaire a occasionn\u00e9 des pertes \u00e9normes dans les rangs de l\u2019arm\u00e9e r\u00e9guli\u00e8re malienne.<\/p>\n\n\n\n<p>La d\u00e9cision de rupture marque un tournant dans les relations entre ces deux pays. Elle est aussi symbolique pour des Etats du Sahel qui se battent d\u00e9sormais pour leur dignit\u00e9 et leur souverainet\u00e9 sans ses anciens partenaires occidentaux. C\u2019est aussi un lever de voile sur la face cach\u00e9e des occidentaux qui jouent \u00e0 la fois pyromanes et pompiers<\/p>\n\n\n\n<p>Le colonel Abdoulaye Ma\u00efga, porte-parole du gouvernement de transition du Mali, a d\u00e9clar\u00e9 que cette rupture avait un effet imm\u00e9diat. Il a exprim\u00e9 la profonde stupeur du gouvernement malien face aux propos tenus par Andriy Yusov, porte-parole de l\u2019agence ukrainienne de renseignement militaire.<\/p>\n\n\n\n<p>\u00ab Le gouvernement du Mali a pris connaissance, avec une profonde stupeur, des propos subversifs par lesquels Andriy Yusov a avou\u00e9 l\u2019implication de l\u2019Ukraine dans une attaque l\u00e2che, tra\u00eetre et barbare de groupes arm\u00e9s terroristes ayant entra\u00een\u00e9 la mort d\u2019\u00e9l\u00e9ments des Forces de D\u00e9fense et de S\u00e9curit\u00e9 maliennes \u00e0 Tinzawat\u00e8ne, ainsi que des d\u00e9g\u00e2ts mat\u00e9riels \u00bb, a indiqu\u00e9 &nbsp;le communiqu\u00e9 officiel sign\u00e9 d\u2019Abdoulaye Maiga<\/p>\n\n\n\n<p>N\u00e9n\u00e9<\/p>\n","protected":false},"excerpt":{"rendered":"<p>Apr\u00e8s la revendication de l\u2019implication des services de renseignement ukrainien par Kiev dans l\u2019attaque contre les FAMA, le Mali a annonc\u00e9, dimanche, la rupture de ses relations diplomatiques avec l\u2019Ukraine.<\/p>\n","protected":false},"author":2,"featured_media":1159,"comment_status":"open","ping_status":"open","sticky":false,"template":"","format":"standard","meta":{"_monsterinsights_skip_tracking":false,"_monsterinsights_sitenote_active":false,"_monsterinsights_sitenote_note":"","_monsterinsights_sitenote_category":0,"footnotes":""},"categories":[12,1],"tags":[],"class_list":["post-1158","post","type-post","status-publish","format-standard","has-post-thumbnail","hentry","category-diplomatie","category-top-actualites"],"aioseo_notices":[],"_links":{"self":[{"href":"https:\/\/lechangement.tg\/index.php\/wp-json\/wp\/v2\/posts\/1158","targetHints":{"allow":["GET"]}}],"collection":[{"href":"https:\/\/lechangement.tg\/index.php\/wp-json\/wp\/v2\/posts"}],"about":[{"href":"https:\/\/lechangement.tg\/index.php\/wp-json\/wp\/v2\/types\/post"}],"author":[{"embeddable":true,"href":"https:\/\/lechangement.tg\/index.php\/wp-json\/wp\/v2\/users\/2"}],"replies":[{"embeddable":true,"href":"https:\/\/lechangement.tg\/index.php\/wp-json\/wp\/v2\/comments?post=1158"}],"version-history":[{"count":2,"href":"https:\/\/lechangement.tg\/index.php\/wp-json\/wp\/v2\/posts\/1158\/revisions"}],"predecessor-version":[{"id":1161,"href":"https:\/\/lechangement.tg\/index.php\/wp-json\/wp\/v2\/posts\/1158\/revisions\/1161"}],"wp:featuredmedia":[{"embeddable":true,"href":"https:\/\/lechangement.tg\/index.php\/wp-json\/wp\/v2\/media\/1159"}],"wp:attachment":[{"href":"https:\/\/lechangement.tg\/index.php\/wp-json\/wp\/v2\/media?parent=1158"}],"wp:term":[{"taxonomy":"category","embeddable":true,"href":"https:\/\/lechangement.tg\/index.php\/wp-json\/wp\/v2\/categories?post=1158"},{"taxonomy":"post_tag","embeddable":true,"href":"https:\/\/lechangement.tg\/index.php\/wp-json\/wp\/v2\/tags?post=1158"}],"curies":[{"name":"wp","href":"https:\/\/api.w.org\/{rel}","templated":true}]}}